{"id":5925,"date":"2017-12-06T18:05:00","date_gmt":"2017-12-06T17:05:00","guid":{"rendered":"https:\/\/www.ioeilmioanimale.com\/?p=5925\/"},"modified":"2018-11-23T14:55:13","modified_gmt":"2018-11-23T13:55:13","slug":"tosse-cane","status":"publish","type":"post","link":"https:\/\/www.ioeilmioanimale.com\/it\/cani\/toelettatura-igiene-e-cura-cani\/tosse-cane\/","title":{"rendered":"Dottore, il mio cane ha la tosse!"},"content":{"rendered":"<p><!--more--><\/p>\n<p>La tosse del cane \u00e8 uno dei<strong> motivi pi\u00f9 frequenti per cui i nostri amici pelosi vengono portati dal veterinario<\/strong>.<\/p>\n<p>In realt\u00e0, la tosse dei nostri amici non ha caratteristiche sempre uguali e <strong>pu\u00f2 essere interpretata in modo scorretto<\/strong> dai proprietari con poca esperienza.<\/p>\n<h2>Come si presenta la tosse del cane<\/h2>\n<p><img loading=\"lazy\" decoding=\"async\" class=\"normal aligncenter size-full wp-image-5932\" style=\"margin-top: 0.857143rem; margin-bottom: 0.857143rem;\" src=\"https:\/\/www.ioeilmioanimale.com\/wp-content\/uploads\/2017\/12\/tosse-del-cane.png\" alt=\"tosse-del-cane\" width=\"660\" height=\"440\" srcset=\"https:\/\/www.ioeilmioanimale.com\/wp-content\/uploads\/2017\/12\/tosse-del-cane.png 660w, https:\/\/www.ioeilmioanimale.com\/wp-content\/uploads\/2017\/12\/tosse-del-cane-300x200.png 300w\" sizes=\"(max-width: 660px) 100vw, 660px\" \/><\/p>\n<p>La tosse nel cane si presenta come l\u2019<strong>emissione forzata di una colonna di aria<\/strong>, a cui pu\u00f2 seguire un atto simile al tentativo di vomitare. \u00c8 per questo che a volte \u00e8 <strong>confusa con i conati<\/strong>, cio\u00e8 con il vomito.<\/p>\n<p>La prima cosa da valutare, quindi, \u00e8 se effettivamente \u00e8 stato rimesso del cibo e se l\u2019appetito \u00e8 conservato.<\/p>\n<p>La tosse pu\u00f2 essere<strong> secca e insistente<\/strong>, oppure, pu\u00f2 presentarsi principalmente produttiva, con l\u2019<strong>emissione di catarro<\/strong> che, per\u00f2, non viene espulso fuori, ma solitamente \u00e8 deglutito.<\/p>\n<div class=\"in_evidence_intro\">LEGGI ANCHE <i class=\"fa fa-chevron-circle-right\"><\/i> <a href=\"https:\/\/www.ioeilmioanimale.com\/it\/cani\/toelettatura-igiene-e-cura-cani\/cuccioli-di-cane-le-prime-cure-veterinarie\/\" rel=\"noopener\">Cuccioli di cane: le prime cure veterinarie<\/a><\/div>\n<h2>Cause della tosse del cane<\/h2>\n<p><img loading=\"lazy\" decoding=\"async\" class=\"normal aligncenter size-full wp-image-5929\" src=\"https:\/\/www.ioeilmioanimale.com\/wp-content\/uploads\/2017\/12\/cause-tosse-del-cane.png\" alt=\"cause-tosse-del-cane\" width=\"660\" height=\"440\" srcset=\"https:\/\/www.ioeilmioanimale.com\/wp-content\/uploads\/2017\/12\/cause-tosse-del-cane.png 660w, https:\/\/www.ioeilmioanimale.com\/wp-content\/uploads\/2017\/12\/cause-tosse-del-cane-300x200.png 300w\" sizes=\"(max-width: 660px) 100vw, 660px\" \/><\/p>\n<ul>\n<li>Nei cambi di stagione, quando ci sono<strong> notevoli sbalzi di temperatura<\/strong> tra il giorno e la notte, \u00e8 frequente avere delle forme da raffreddamento che si manifestano con faringiti e tracheiti. Queste sono<strong> infiammazioni del naso-faringe e della trachea<\/strong> dovute al passaggio di aria fredda. Ne sono colpiti, soprattutto i <strong>cani che dormono in casa e che al mattino vengono fatti uscire<\/strong> da soli in giardino: il cane corre di gran corsa a bocca aperta e inala aria fredda.<\/li>\n<li>Simile alla precedente, ma con un\u2019eziologia infettiva \u00e8 la \u201c<strong>Tosse dei Canili<\/strong>\u201d; si tratta di una tracheite sostenuta da <em>Bordetella bronchiseptica<\/em>, il <strong>virus della Parainfluienza e dall\u2019adenovirus canino tipo2<\/strong>. \u00c8 una forma respiratoria che possono prendere i cani portati <strong>in pensione o a raduni di agilit\u00e0<\/strong>, o alle mostre, cio\u00e8 dove ci pu\u00f2 essere sovraffollamento. Solitamente \u00e8 una forma autolimitante, con andamento benigno, ma a seconda dello stato di salute del soggetto che la contrae, pu\u00f2 richiedere una <strong>copertura antibiotica<\/strong> e una <strong>terapia antinfiammatoria<\/strong>.<\/li>\n<\/ul>\n<p><strong>Altre cause<\/strong> di tosse persistente possono essere:<\/p>\n<ul>\n<li><strong>Infiammatorie, infettive<\/strong> (batteriche, virali, micotiche),<strong> corpi estranei<\/strong> (forasacchi, pezzetti di legno, spini&#8230;), allergiche e neoplastiche (tumorali).<\/li>\n<li>Nelle <strong>razze toy<\/strong> \u00e8 frequente con il passare degli anni un <strong>indebolimento degli anelli cartilaginei della trachea<\/strong>; a ci\u00f2 consegue un restringimento del lume tracheale; accade che la colonna di aria inspirata va a sbattere sulla mucosa inducendo tosse (collasso tracheale).<\/li>\n<li>La<strong> tosse di origine cardiaca<\/strong>, abbastanza nota nell&#8217;uomo, sembra essere infondata nel cane per l\u2019assenza di recettori della tosse nelle vie profonde dell\u2019apparato respiratorio. Certo \u00e8 che in presenza di un soffio cardiaco e di un ingrossamento dell\u2019area cardiaca \u00e8 importante escludere una componente cardiaca della tosse.<\/li>\n<\/ul>\n<h2>Indagini diagnostiche<\/h2>\n<p><img loading=\"lazy\" decoding=\"async\" class=\"normal aligncenter size-full wp-image-5930\" style=\"margin-top: 0.857143rem; margin-bottom: 0.857143rem;\" src=\"https:\/\/www.ioeilmioanimale.com\/wp-content\/uploads\/2017\/12\/radiografia-tosse-de-cane.png\" alt=\"radiografia-tosse-del-cane\" width=\"660\" height=\"440\" srcset=\"https:\/\/www.ioeilmioanimale.com\/wp-content\/uploads\/2017\/12\/radiografia-tosse-de-cane.png 660w, https:\/\/www.ioeilmioanimale.com\/wp-content\/uploads\/2017\/12\/radiografia-tosse-de-cane-300x200.png 300w\" sizes=\"(max-width: 660px) 100vw, 660px\" \/><\/p>\n<p>Le tossi che non rispondono alle terapie sintomatiche intraprese, richiedono degli approfondimenti diagnostici. Innanzitutto, uno <strong>studio radiografico dell\u2019apparato respiratorio<\/strong>, a cui pu\u00f2 seguire una <strong>broncoscopia<\/strong> con lavaggio broncoalveolare.<\/p>\n<p>Infatti, tra le cause della tosse abbiamo corpi estranei bronchiali, <strong>infezioni batteriche, virali e micotiche<\/strong>, che richiedono l\u2019<strong>isolamento dell\u2019agente causale<\/strong>.<\/p>\n<p>Questo pu\u00f2 essere fatto, appunto, con l\u2019introduzione di volumi di soluzioni di lavaggio nelle terminazioni dell\u2019albero respiratorio. Queste soluzioni vengono poi riaspirate ed analizzate. Durante l\u2019endoscopia \u00e8 possibile anche campionare eventuale tessuto anomalo.<\/p>\n<p>Un ulteriore approfondimento pu\u00f2 richiedere l\u2019<strong>esecuzione di una tac<\/strong>.<\/p>\n<h2>Terapia della tosse del cane<\/h2>\n<p><img loading=\"lazy\" decoding=\"async\" class=\"normal aligncenter size-full wp-image-5931\" style=\"margin-top: 0.857143rem; margin-bottom: 0.857143rem;\" src=\"https:\/\/www.ioeilmioanimale.com\/wp-content\/uploads\/2017\/12\/terapia-tosse-de-cane.png\" alt=\"terapia-tosse-del-cane\" width=\"660\" height=\"440\" srcset=\"https:\/\/www.ioeilmioanimale.com\/wp-content\/uploads\/2017\/12\/terapia-tosse-de-cane.png 660w, https:\/\/www.ioeilmioanimale.com\/wp-content\/uploads\/2017\/12\/terapia-tosse-de-cane-300x200.png 300w\" sizes=\"(max-width: 660px) 100vw, 660px\" \/><\/p>\n<p>La terapia \u00e8 mirata a <strong>curare la causa e l\u2019agente eziologico<\/strong> di volta in volta trovato.<\/p>\n<p>Nel caso dei corpi estranei, la loro <strong>rimozione<\/strong> \u00e8 risolutiva di per s\u00e9; nel caso di forme allergiche, pu\u00f2 essere necessario la <strong>somministrazione di antinfiammatori<\/strong> steroidei per via sistemica o inalatoria; per le forme infettive si dovr\u00e0 valutare la sensibilit\u00e0 dell\u2019agente ai vari antibiotici con un <strong>antibiogramma<\/strong>.<\/p>\n<p>\u00c8 importante precisare che a volte l\u2019iter diagnostico e le terapie <strong>richiedono tanta pazienza<\/strong>.<\/p>\n","protected":false},"excerpt":{"rendered":"","protected":false},"author":1804,"featured_media":5926,"comment_status":"closed","ping_status":"closed","sticky":false,"template":"","format":"standard","meta":{"_acf_changed":false,"footnotes":""},"categories":[129],"tags":[],"class_list":["post-5925","post","type-post","status-publish","format-standard","has-post-thumbnail","hentry","category-toelettatura-igiene-e-cura-cani"],"acf":[],"_links":{"self":[{"href":"https:\/\/www.ioeilmioanimale.com\/it\/wp-json\/wp\/v2\/posts\/5925"}],"collection":[{"href":"https:\/\/www.ioeilmioanimale.com\/it\/wp-json\/wp\/v2\/posts"}],"about":[{"href":"https:\/\/www.ioeilmioanimale.com\/it\/wp-json\/wp\/v2\/types\/post"}],"author":[{"embeddable":true,"href":"https:\/\/www.ioeilmioanimale.com\/it\/wp-json\/wp\/v2\/users\/1804"}],"replies":[{"embeddable":true,"href":"https:\/\/www.ioeilmioanimale.com\/it\/wp-json\/wp\/v2\/comments?post=5925"}],"version-history":[{"count":5,"href":"https:\/\/www.ioeilmioanimale.com\/it\/wp-json\/wp\/v2\/posts\/5925\/revisions"}],"predecessor-version":[{"id":7431,"href":"https:\/\/www.ioeilmioanimale.com\/it\/wp-json\/wp\/v2\/posts\/5925\/revisions\/7431"}],"wp:featuredmedia":[{"embeddable":true,"href":"https:\/\/www.ioeilmioanimale.com\/it\/wp-json\/wp\/v2\/media\/5926"}],"wp:attachment":[{"href":"https:\/\/www.ioeilmioanimale.com\/it\/wp-json\/wp\/v2\/media?parent=5925"}],"wp:term":[{"taxonomy":"category","embeddable":true,"href":"https:\/\/www.ioeilmioanimale.com\/it\/wp-json\/wp\/v2\/categories?post=5925"},{"taxonomy":"post_tag","embeddable":true,"href":"https:\/\/www.ioeilmioanimale.com\/it\/wp-json\/wp\/v2\/tags?post=5925"}],"curies":[{"name":"wp","href":"https:\/\/api.w.org\/{rel}","templated":true}]}}