{"id":5782,"date":"2017-05-09T09:43:41","date_gmt":"2017-05-09T07:43:41","guid":{"rendered":"https:\/\/www.ioeilmioanimale.com\/?p=5782\/"},"modified":"2018-11-23T14:55:13","modified_gmt":"2018-11-23T13:55:13","slug":"alitosi-cane-gatto-cause-rimedi-prevenzione","status":"publish","type":"post","link":"https:\/\/www.ioeilmioanimale.com\/it\/cani\/toelettatura-igiene-e-cura-cani\/alitosi-cane-gatto-cause-rimedi-prevenzione\/","title":{"rendered":"Alitosi del cane e del gatto: cause, rimedi e prevenzione"},"content":{"rendered":"<p><!--more--><\/p>\n<p>L\u2019<strong>alitosi del cane e del gatto<\/strong> \u00e8 un problema molto diffuso tra i nostri amici a quattro zampe.<\/p>\n<p>Le cause possono essere legate a <strong>patologie sistemiche<\/strong> oppure a problemi <strong>periodontali<\/strong>.<\/p>\n<h2>Cause sistemiche<\/h2>\n<p>Nei cuccioli \u00e8 frequente un<strong> odore dell\u2019alito simile a quello dell\u2019aglio<\/strong>: solitamente \u00e8 legato a verminosi intestinali.<\/p>\n<blockquote><p>Un esame delle feci e un trattamento vermifugo appropriato possono risolvere il problema.<\/p><\/blockquote>\n<p><strong>Nei soggetti adulti e anziani<\/strong>, invece, si pu\u00f2 avere un odore pi\u00f9 acre, che pu\u00f2 essere legato a un aumento della concentrazione di scorie azotate nel sangue o di altri metaboliti.<\/p>\n<p>\u00c8 l\u2019odore che si sente in caso di diabete scompensato, cio\u00e8 in corso di chetoacidosi diabetica, oppure in caso di gravi patologie renali, come l\u2019insufficienza renale.<\/p>\n<p>In corso di tale disfunzione si ha un accumulo di <strong>urea<\/strong> nel sangue causata dall\u2019incapacit\u00e0 del rene a\u00a0<strong>eliminarla<\/strong>.<\/p>\n<p>L\u2019organismo cerca, allora, di allontanarla servendosi delle <strong>mucose<\/strong>: ecco che anche attraverso la cavit\u00e0 orale si pu\u00f2 percepire un odore acido intenso, chiamato appunto alitosi.<\/p>\n<p><img loading=\"lazy\" decoding=\"async\" class=\"normal alignnone size-full wp-image-5785\" src=\"https:\/\/www.ioeilmioanimale.com\/wp-content\/uploads\/2017\/05\/alitosi-del-cane-rimedi.jpg\" alt=\"\" width=\"660\" height=\"440\" srcset=\"https:\/\/www.ioeilmioanimale.com\/wp-content\/uploads\/2017\/05\/alitosi-del-cane-rimedi.jpg 660w, https:\/\/www.ioeilmioanimale.com\/wp-content\/uploads\/2017\/05\/alitosi-del-cane-rimedi-300x200.jpg 300w\" sizes=\"(max-width: 660px) 100vw, 660px\" \/><\/p>\n<h2>Cause a carico della cavit\u00e0 orale<\/h2>\n<p>L\u2019<strong>alitosi del cane e del gatto<\/strong> pu\u00f2 essere legata a problemi primariamente della <strong>bocca<\/strong>: ulcere linguali e stomatiti dei gatti sono cause frequenti di questo fastidio.<\/p>\n<p>Ci possono essere <strong>denti cariati<\/strong> e devitalizzati, oppure patologie periodontali. La<strong> placca batterica<\/strong> e i metabolici batterici esercitano un ruolo fondamentale nello sviluppo di lesioni infiammatorie. La formazione della placca \u00e8 in relazione alla razza, all\u2019et\u00e0 e al tipo di nutrizione.<\/p>\n<p>Le <strong>razze brachicefale<\/strong> che hanno una dentatura irregolare sono maggiormente predisposte alla formazione della placca.<\/p>\n<p>Come fattore di rischio si ha anche il <strong>tipo di alimento<\/strong>, in relazione alla capacit\u00e0 di questo di stimolare la masticazione.<\/p>\n<blockquote><p>L\u2019azione meccanica del cibo che viene triturato dai denti si \u00e8 dimostrata efficace nella riduzione della placca.<\/p><\/blockquote>\n<p>Inoltre, la consistenza della dieta influisce sulla produzione della saliva e sulla sintesi delle proteine salivari, che inibiscono la crescita dei microrganismi patogeni.<\/p>\n<p>La <strong>microflora orale<\/strong> si sviluppa in base al tipo di alimento: umido o secco.<\/p>\n<p><img loading=\"lazy\" decoding=\"async\" class=\"normal alignnone size-full wp-image-5786\" src=\"https:\/\/www.ioeilmioanimale.com\/wp-content\/uploads\/2017\/05\/alitosi-del-gatto-rimedi.jpg\" alt=\"\" width=\"660\" height=\"440\" srcset=\"https:\/\/www.ioeilmioanimale.com\/wp-content\/uploads\/2017\/05\/alitosi-del-gatto-rimedi.jpg 660w, https:\/\/www.ioeilmioanimale.com\/wp-content\/uploads\/2017\/05\/alitosi-del-gatto-rimedi-300x200.jpg 300w\" sizes=\"(max-width: 660px) 100vw, 660px\" \/><\/p>\n<div class=\"in_evidence\">\n<div class=\"in_evidence_intro\">LEGGI ANCHE <i class=\"fa fa-chevron-circle-right\"><\/i> <a href=\"https:\/\/www.ioeilmioanimale.com\/it\/gatti\/toelettatura-igiene-e-cura-gatti\/alimentazione-del-gatto\/\" rel=\"noopener noreferrer\">L&#8217;alimentazione del gatto<\/a><\/div>\n<\/div>\n<h2>Come prevenire l\u2019alitosi del cane e del gatto<\/h2>\n<p>Si pu\u00f2 capire come il<strong> tipo di dieta sia importante per la prevenzione del tartaro<\/strong> e, quindi, della placca.<\/p>\n<p><strong>Una dieta secca o pi\u00f9 consistente stimola la masticazione<\/strong> e influenza la produzione salivare, rallentando lo sviluppo della patologia periodontale.<\/p>\n<p>L\u2019utilizzo di <strong>spazzolini<\/strong> e <strong>dentifrici<\/strong> specifici per i nostri animali permettono una maggiore igiene, ma soprattutto stimolano la gengiva a reagire agli insulti infiammatori.<\/p>\n<h2>Terapia<\/h2>\n<p>Nei casi pi\u00f9 gravi \u00e8 necessaria una <strong>pulizia accurata del cavo orale<\/strong> con eventuale estrazione di denti in anestesia generale.<\/p>\n<h2>Conclusioni<\/h2>\n<p>L\u2019alitosi del cane e del gatto <strong>non \u00e8 un disagio che riguarda solo il proprietario<\/strong>.<\/p>\n<p>Non dobbiamo dunque sottovalutare i problemi dentali e periodontali dei nostri amici pelosi, poich\u00e9 dai <strong>focolai<\/strong> <strong>batterici<\/strong> qui localizzati possono partire <strong>cariche<\/strong> infettive che vanno a danneggiare altri organi, in primis le <strong>valvole<\/strong> cardiache ed i reni.<\/p>\n","protected":false},"excerpt":{"rendered":"","protected":false},"author":1804,"featured_media":5783,"comment_status":"closed","ping_status":"closed","sticky":false,"template":"","format":"standard","meta":{"_acf_changed":false,"footnotes":""},"categories":[129,134],"tags":[],"class_list":["post-5782","post","type-post","status-publish","format-standard","has-post-thumbnail","hentry","category-toelettatura-igiene-e-cura-cani","category-toelettatura-igiene-e-cura-gatti"],"acf":[],"_links":{"self":[{"href":"https:\/\/www.ioeilmioanimale.com\/it\/wp-json\/wp\/v2\/posts\/5782"}],"collection":[{"href":"https:\/\/www.ioeilmioanimale.com\/it\/wp-json\/wp\/v2\/posts"}],"about":[{"href":"https:\/\/www.ioeilmioanimale.com\/it\/wp-json\/wp\/v2\/types\/post"}],"author":[{"embeddable":true,"href":"https:\/\/www.ioeilmioanimale.com\/it\/wp-json\/wp\/v2\/users\/1804"}],"replies":[{"embeddable":true,"href":"https:\/\/www.ioeilmioanimale.com\/it\/wp-json\/wp\/v2\/comments?post=5782"}],"version-history":[{"count":5,"href":"https:\/\/www.ioeilmioanimale.com\/it\/wp-json\/wp\/v2\/posts\/5782\/revisions"}],"predecessor-version":[{"id":7434,"href":"https:\/\/www.ioeilmioanimale.com\/it\/wp-json\/wp\/v2\/posts\/5782\/revisions\/7434"}],"wp:featuredmedia":[{"embeddable":true,"href":"https:\/\/www.ioeilmioanimale.com\/it\/wp-json\/wp\/v2\/media\/5783"}],"wp:attachment":[{"href":"https:\/\/www.ioeilmioanimale.com\/it\/wp-json\/wp\/v2\/media?parent=5782"}],"wp:term":[{"taxonomy":"category","embeddable":true,"href":"https:\/\/www.ioeilmioanimale.com\/it\/wp-json\/wp\/v2\/categories?post=5782"},{"taxonomy":"post_tag","embeddable":true,"href":"https:\/\/www.ioeilmioanimale.com\/it\/wp-json\/wp\/v2\/tags?post=5782"}],"curies":[{"name":"wp","href":"https:\/\/api.w.org\/{rel}","templated":true}]}}