{"id":5000,"date":"2015-11-04T11:55:16","date_gmt":"2015-11-04T10:55:16","guid":{"rendered":"https:\/\/www.ioeilmioanimale.com\/?p=5000"},"modified":"2018-11-23T14:30:59","modified_gmt":"2018-11-23T13:30:59","slug":"guinzaglio-per-cani","status":"publish","type":"post","link":"https:\/\/www.ioeilmioanimale.com\/it\/cani\/vivere-con-il-cane\/guinzaglio-per-cani\/","title":{"rendered":"Guinzaglio per cani: fino a che punto limitare la sua libert\u00e0?"},"content":{"rendered":"<p><!--more--><\/p>\n<p>L\u2019Ordinanza del 6 agosto 2013 obbliga i cittadini italiani a <em>&#8220;utilizzare sempre il <strong>guinzaglio<\/strong> ad una misura non superiore a mt 1,50 durante la conduzione dell&#8217;animale nelle aree urbane e nei luoghi aperti al pubblico, fatte salve le aree per cani individuate dai comuni&#8221;.<\/em><\/p>\n<p><strong>L&#8217;Ordinanza, c\u2019\u00e8 scritto, \u00e8 stata emanata per prevenire il rischio di aggressione da parte dei cani.<\/strong><\/p>\n<p><strong>In effetti<\/strong>, ogni giorno la cronaca pone l&#8217;attenzione su storie pi\u00f9 o meno reali (e pi\u00f9 o meno gonfiate) di cani che, immancabilmente liberi, <strong>aggrediscono altri cani, umani o arrecano disturbi di vario tipo<\/strong>.<\/p>\n<h2>Siamo davvero sicuri che il problema sia la libert\u00e0?<img loading=\"lazy\" decoding=\"async\" class=\"normal aligncenter wp-image-5008 size-full\" src=\"https:\/\/www.ioeilmioanimale.com\/wp-content\/uploads\/2015\/11\/cani-al-guinzaglio.jpg\" alt=\"guinzaglio e libert\u00e0\" width=\"660\" height=\"442\" srcset=\"https:\/\/www.ioeilmioanimale.com\/wp-content\/uploads\/2015\/11\/cani-al-guinzaglio.jpg 660w, https:\/\/www.ioeilmioanimale.com\/wp-content\/uploads\/2015\/11\/cani-al-guinzaglio-300x201.jpg 300w\" sizes=\"(max-width: 660px) 100vw, 660px\" \/><\/h2>\n<p><strong>Eppure, il guinzaglio non fa un cane educato<\/strong>.<\/p>\n<p><strong>Mi spiego<\/strong>: mettiamo che il mio cane voglia tantissimo saltare addosso a tutti gli umani che incontra, senza risparmiare bambini e anziani, e l&#8217;unica volta che l&#8217;abbia liberato, lui abbia rotto il femore alla nonna per darle un gran bacio in bocca.<\/p>\n<p><strong><img loading=\"lazy\" decoding=\"async\" class=\"normal wp-image-5005 alignleft\" src=\"https:\/\/www.ioeilmioanimale.com\/wp-content\/uploads\/2015\/11\/passeggiata-cane-al-guinzaglio.jpg\" alt=\"passeggiata con cane al guinzaglio\" width=\"330\" height=\"225\" srcset=\"https:\/\/www.ioeilmioanimale.com\/wp-content\/uploads\/2015\/11\/passeggiata-cane-al-guinzaglio.jpg 660w, https:\/\/www.ioeilmioanimale.com\/wp-content\/uploads\/2015\/11\/passeggiata-cane-al-guinzaglio-300x205.jpg 300w\" sizes=\"(max-width: 330px) 100vw, 330px\" \/>Con il guinzaglio potrei sicuramente impedirgli di farlo di nuovo<\/strong>, <strong>ma non starei diminuendo la sua voglia di mettere in atto quel comportamento <\/strong>(anzi, potrei perfino aumentarla).<\/p>\n<p>Ora, non voglio assolutamente sostenere che sia giusto lasciar gironzolare libero un serial killer di femori, in nome del suo diritto alla libert\u00e0.<\/p>\n<p>Sto solo facendo presente che quel cane, <strong>se non viene educato a non saltare addosso a tutti quelli che incontra (legato o no), non imparer\u00e0 MAI a non farlo<\/strong>.<\/p>\n<p><strong>Passatemi il paragone eccessivo<\/strong>, ma sarebbe come avere un cane che tira al guinzaglio perch\u00e9 ha paura della citt\u00e0 e vuole scappare dalle strade affollate il pi\u00f9 velocemente possibile e mettergli una cavezza o una easy-walk per <strong>obbligarlo a camminare al piede,\u00a0anzich\u00e9 lavorare sul suo benessere<\/strong>, la sua socializzazione e la sua fiducia nel mondo.<\/p>\n<p><strong><img loading=\"lazy\" decoding=\"async\" class=\"normal wp-image-5006 alignright\" src=\"https:\/\/www.ioeilmioanimale.com\/wp-content\/uploads\/2015\/11\/guinzaglio.jpg\" alt=\"guinzaglio cane e padrone\" width=\"330\" height=\"328\" srcset=\"https:\/\/www.ioeilmioanimale.com\/wp-content\/uploads\/2015\/11\/guinzaglio.jpg 660w, https:\/\/www.ioeilmioanimale.com\/wp-content\/uploads\/2015\/11\/guinzaglio-75x75.jpg 75w\" sizes=\"(max-width: 330px) 100vw, 330px\" \/>Pertanto, il guinzaglio non dovrebbe essere vissuto da un proprietario come una facile soluzione che lo esuli dall&#8217;insegnare al proprio cane alcune regole<\/strong> che gli permettano di integrarsi in modo propositivo e positivo nel mondo umano (sebbene sia indispensabile, ad esempio, nella fase di training).<\/p>\n<p>Perch\u00e9 sono proprio questi<strong> i cani <\/strong>che, <strong>se si sfilano il guinzaglio<\/strong> o si trovano liberi per qualsiasi motivo, poi <strong>finiscono per combinare disastri<\/strong>.<\/p>\n<p>I guinzagli per cani, obbligatori in tante situazioni, dovrebbero esser vissuti da entrambi esclusivamente come una cintura di sicurezza.<\/p>\n<p><strong>In conclusione, la libert\u00e0 non \u00e8 problematica di per s\u00e9<\/strong> (in caso contrario, non si spiegherebbero le centinaia di cani sciolti \u2013 randagi o di propriet\u00e0 \u2013 che vivono ogni giorno in equilibrio con gli umani), anzi, pu\u00f2 essere davvero una ricchissima opportunit\u00e0.<\/p>\n<p><strong>Il vero focus del problema \u00e8 l&#8217;incapacit\u00e0 di un cane di affrontare in modo integrativo una situazione<\/strong>, rispondendo con un comportamento problematico e\/o pericoloso per gli altri (che sia libero o meno).<\/p>\n<h2>Perch\u00e9 la libert\u00e0 \u00e8 importante?<\/h2>\n<p><strong>Mi \u00e8 capitato, durante il lavoro, di chiedere a pi\u00f9 gruppi di proprietari quanto tempo e in che situazioni stessero liberi i loro cani<\/strong>. Tanti, pi\u00f9 di quanti potevo immaginare, mi hanno risposto:<\/p>\n<p><em>&#8220;beh, il mio cane sta sempre libero dentro casa&#8221; o &#8220;in giardino \u00e8 sempre senza guinzaglio&#8221;<\/em>.<\/p>\n<p><strong>Cani mai liberati nella loro vita, sono cani cui \u00e8 stato impedito di socializzare nel modo corretto <\/strong>o giocare e correre con altri cani.<img loading=\"lazy\" decoding=\"async\" class=\"normal aligncenter wp-image-5004\" src=\"https:\/\/www.ioeilmioanimale.com\/wp-content\/uploads\/2015\/11\/bulldog-guinzaglio.jpg\" alt=\"bulldog al guinzaglio\" width=\"600\" height=\"400\" srcset=\"https:\/\/www.ioeilmioanimale.com\/wp-content\/uploads\/2015\/11\/bulldog-guinzaglio.jpg 660w, https:\/\/www.ioeilmioanimale.com\/wp-content\/uploads\/2015\/11\/bulldog-guinzaglio-300x200.jpg 300w\" sizes=\"(max-width: 600px) 100vw, 600px\" \/><\/p>\n<p><strong>Il cane, in libert\u00e0, ha la possibilit\u00e0 di gestire gli spazi<\/strong>, muoversi a suo piacimento nei confronti di amici o nemici (e, quindi, evitare situazioni di costrizione che portano a reazioni esagerate), imparare a <strong>comunicare con il suo umano<\/strong>, <strong>giocare con lui<\/strong>, <strong>esprimere i propri modelli comportamentali<\/strong>, la sua <strong>curiosit\u00e0<\/strong>, <strong>il suo essere cane<\/strong>.<\/p>\n<div class=\"in_evidence\">\n<div class=\"in_evidence_intro\">LEGGI ANCHE <i class=\"fa fa-chevron-circle-right\"><\/i> <a href=\"https:\/\/www.ioeilmioanimale.com\/it\/cani\/vivere-con-il-cane\/linguaggio-del-cane-1\/\" rel=\"noopener\">Il linguaggio del cane<\/a><\/div>\n<\/div>\n<p><strong>E questo non lo pu\u00f2 fare se vive una vita perennemente legato<\/strong>, ne sono assolutamente convinta, tanto che l&#8217;incontro in cui ho posto la domanda indicata sopra, l&#8217;ho tenuto indossando una maglietta con scritto:<\/p>\n<p><em>&#8220;Cani liberi? S\u00ec, grazie\u201d<\/em>.<\/p>\n<h2>Quando il guinzaglio \u00e8 necessario<\/h2>\n<p>C\u2019\u00e8, tuttavia, un gigantesco <strong>MA<\/strong>\u00a0da tenere presente.<\/p>\n<p><strong>Non bisogna mai e poi mai pensare che vivere la libert\u00e0 col proprio cane significhi, semplicemente, scioglierlo dal guinzaglio<\/strong>.<\/p>\n<p>Arrivare a passeggiare liberi non \u00e8 scontato n\u00e9, tantomeno, immediato.<\/p>\n<p><strong><img loading=\"lazy\" decoding=\"async\" class=\"normal wp-image-5007 alignleft\" src=\"https:\/\/www.ioeilmioanimale.com\/wp-content\/uploads\/2015\/11\/guinzaglio-due-cani.jpg\" alt=\"quando \u00e8 necessario il guinzaglio\" width=\"330\" height=\"167\" srcset=\"https:\/\/www.ioeilmioanimale.com\/wp-content\/uploads\/2015\/11\/guinzaglio-due-cani.jpg 660w, https:\/\/www.ioeilmioanimale.com\/wp-content\/uploads\/2015\/11\/guinzaglio-due-cani-300x152.jpg 300w\" sizes=\"(max-width: 330px) 100vw, 330px\" \/>Perch\u00e9, se da una parte ad alimentare i fatti di cronaca negativi sono quei cani mai slegati e che scappano<\/strong>, dall&#8217;altra parte contribuiscono in larga parte anche tutti quei proprietari che \u201c<em>t<\/em><em>anto \u00e8 buono<\/em>\u201d e non si assumono la responsabilit\u00e0 di tutelare gli altri.<\/p>\n<p><strong>Un cane pu\u00f2 essere davvero buono ma&#8230;<\/strong><\/p>\n<p>Se, ad esempio, <strong>non risponde al richiamo<\/strong> e <strong>si lancia (anche solo per giocare) addosso ad un cane<\/strong> che non ha piacere, mettendolo in seria difficolt\u00e0, <strong>oppure ad una persona cinofoba<\/strong>, aumentando la sua paura nei confronti dei cani, <strong>\u00e8 comunque, a mio parere, nel torto<\/strong>.<\/p>\n<h2>Libert\u00e0 \u00e8 responsabilit\u00e0<\/h2>\n<p><strong>Dietro ad ogni cane sciolto, ci dovrebbe essere un proprietario responsabile.\u00a0<\/strong>Un proprietario che ha saputo valutare bene la gradualit\u00e0 di quest&#8217;esperienza.<\/p>\n<p><strong>Nessuno ci obbliga <\/strong>a sganciare per la prima volta il nostro cane in pieno centro a Milano e sarebbe anche poco intelligente farlo.<img loading=\"lazy\" decoding=\"async\" class=\"normal aligncenter wp-image-5009\" src=\"https:\/\/www.ioeilmioanimale.com\/wp-content\/uploads\/2015\/11\/guinzaglio-cane-libero-parco.jpg\" alt=\"cane senza guinzaglio\" width=\"600\" height=\"400\" srcset=\"https:\/\/www.ioeilmioanimale.com\/wp-content\/uploads\/2015\/11\/guinzaglio-cane-libero-parco.jpg 660w, https:\/\/www.ioeilmioanimale.com\/wp-content\/uploads\/2015\/11\/guinzaglio-cane-libero-parco-300x200.jpg 300w\" sizes=\"(max-width: 600px) 100vw, 600px\" \/><\/p>\n<p><strong>Ci sono tantissimi posti in cui fare delle &#8220;prove di libert\u00e0&#8221;:<\/strong><\/p>\n<ul>\n<li>aree cani vuote<\/li>\n<li>campi recintati<\/li>\n<li>parchi di periferia con pochi stimoli attorno<\/li>\n<li>passeggiate organizzate da persone qualificate<\/li>\n<li><a href=\"https:\/\/www.ioeilmioanimale.com\/it\/cani\/vivere-con-il-cane\/5-migliori-parchi-per-il-cane\/\" rel=\"noopener\">grandi parchi<\/a><\/li>\n<\/ul>\n<p><strong>Compito di un bravo proprietario \u00e8 anche quello di dare competenze al cane<\/strong>, insegnargli a stare nel mondo attraverso una corretta socializzazione, renderlo capace di affrontare in modo positivo il pi\u00f9 alto numero di situazioni sociali possibili e di saper gestire anche quelle negative.<\/p>\n<p>Per fare ci\u00f2, l&#8217;umano deve <strong>avere un&#8217;attenzione particolare a quelle che sono le caratteristiche del cane<\/strong> che ha accanto, conoscerlo a fondo, nei suoi <strong>pregi<\/strong> e nei suoi <strong>limiti<\/strong>, per poterlo esporre a situazioni in linea con le sue caratteristiche.<\/p>\n<h2>Libert\u00e0 \u00e8 relazione<\/h2>\n<p><strong>Infine, ma non in ordine di importanza, va ricordato che slegarsi dal guinzaglio significa iniziare a comunicare veramente.<\/strong><\/p>\n<p><em>Condicio sine qua non<\/em> \u00e8 una buona relazione, che <strong>implica un&#8217;enorme dose di fiducia reciproca<\/strong> ed un patto comunicativo molto chiaro (come, ad esempio, un richiamo davvero impeccabile).<\/p>\n<p><strong>In caso contrario, non si pu\u00f2 (ancora) pensare di passeggiare senza guinzaglio in mezzo a cani e persone.<\/strong><\/p>\n","protected":false},"excerpt":{"rendered":"","protected":false},"author":717,"featured_media":5003,"comment_status":"closed","ping_status":"closed","sticky":false,"template":"","format":"standard","meta":{"_acf_changed":false,"footnotes":""},"categories":[128],"tags":[],"class_list":["post-5000","post","type-post","status-publish","format-standard","has-post-thumbnail","hentry","category-vivere-con-il-cane"],"acf":[],"_links":{"self":[{"href":"https:\/\/www.ioeilmioanimale.com\/it\/wp-json\/wp\/v2\/posts\/5000"}],"collection":[{"href":"https:\/\/www.ioeilmioanimale.com\/it\/wp-json\/wp\/v2\/posts"}],"about":[{"href":"https:\/\/www.ioeilmioanimale.com\/it\/wp-json\/wp\/v2\/types\/post"}],"author":[{"embeddable":true,"href":"https:\/\/www.ioeilmioanimale.com\/it\/wp-json\/wp\/v2\/users\/717"}],"replies":[{"embeddable":true,"href":"https:\/\/www.ioeilmioanimale.com\/it\/wp-json\/wp\/v2\/comments?post=5000"}],"version-history":[{"count":9,"href":"https:\/\/www.ioeilmioanimale.com\/it\/wp-json\/wp\/v2\/posts\/5000\/revisions"}],"predecessor-version":[{"id":7481,"href":"https:\/\/www.ioeilmioanimale.com\/it\/wp-json\/wp\/v2\/posts\/5000\/revisions\/7481"}],"wp:featuredmedia":[{"embeddable":true,"href":"https:\/\/www.ioeilmioanimale.com\/it\/wp-json\/wp\/v2\/media\/5003"}],"wp:attachment":[{"href":"https:\/\/www.ioeilmioanimale.com\/it\/wp-json\/wp\/v2\/media?parent=5000"}],"wp:term":[{"taxonomy":"category","embeddable":true,"href":"https:\/\/www.ioeilmioanimale.com\/it\/wp-json\/wp\/v2\/categories?post=5000"},{"taxonomy":"post_tag","embeddable":true,"href":"https:\/\/www.ioeilmioanimale.com\/it\/wp-json\/wp\/v2\/tags?post=5000"}],"curies":[{"name":"wp","href":"https:\/\/api.w.org\/{rel}","templated":true}]}}