{"id":4445,"date":"2015-09-18T11:04:28","date_gmt":"2015-09-18T09:04:28","guid":{"rendered":"https:\/\/www.ioeilmioanimale.com\/?p=4445"},"modified":"2018-11-23T18:02:04","modified_gmt":"2018-11-23T17:02:04","slug":"levriero-afgano-9-curiosita-su-questa-razza","status":"publish","type":"post","link":"https:\/\/www.ioeilmioanimale.com\/it\/cani\/razze\/levriero-afgano-9-curiosita-su-questa-razza\/","title":{"rendered":"Levriero Afgano: 9 curiosit\u00e0 su questa razza"},"content":{"rendered":"<p><!--more--><\/p>\n<p><strong>Vanitoso<\/strong>. Se penso al Levriero Afgano, la prima parola che mi viene in mente \u00e8 questa. Avete presente la bellissima del liceo? Quella che a malapena rivolge la parola alle schiere di ragazzini adoranti? Quella che sembra camminare ad un metro dal pavimento e che tutti si girano a guardare? Ecco.<\/p>\n<p>Eppure, il <strong>Levriero Afgano non \u00e8 solo questo<\/strong>. Se si ha la fortuna di viverci assieme, si scopre un cane <strong>affettuoso<\/strong>, <strong>rispettoso<\/strong>, molto <strong>intelligente<\/strong>. Ma noi comuni mortali, non degni dell&#8217;affetto del Levriero Afgano del vicino di casa (s\u00ec, proprio quello che al nostro &#8220;amorequantoseibello!!&#8221; ci guarda con l&#8217;espressione da &#8220;ma guarda te, sto poveraccio, che vuole?&#8221;) non possiamo fare altro che limitarci ad ammirarlo. E sognarne uno.<\/p>\n<p><img loading=\"lazy\" decoding=\"async\" class=\"normal aligncenter size-full wp-image-4457\" src=\"https:\/\/www.ioeilmioanimale.com\/wp-content\/uploads\/2015\/09\/levriero-afgano-bosco.jpg\" alt=\"levriero afgano nel bosco\" width=\"660\" height=\"453\" srcset=\"https:\/\/www.ioeilmioanimale.com\/wp-content\/uploads\/2015\/09\/levriero-afgano-bosco.jpg 660w, https:\/\/www.ioeilmioanimale.com\/wp-content\/uploads\/2015\/09\/levriero-afgano-bosco-300x206.jpg 300w\" sizes=\"(max-width: 660px) 100vw, 660px\" \/><br \/>\nPerch\u00e9 il Levriero Afgano non \u00e8 solo <strong>BELLISSIMO<\/strong>, ma \u00e8 anche <strong>una razza molto particolare<\/strong>.<\/p>\n<ol>\n<li style=\"list-style-type: none;\">\n<ol>\n<li style=\"text-align: justify;\"><strong>\u00c8 la razza pi\u00f9 antica del mondo.\u00a0<\/strong>O almeno cos\u00ec sembra. Di sicuro una delle pi\u00f9 antiche. \u00c8 originario del Sinai ed <strong>\u00e8 stato ritrovato in graffiti risalenti al 2000 a.C.<\/strong> nelle grotte del nord dell\u2019Afghanistan. Viene anche citato numerose volte nei papiri degli antichi Egizi, uno dei quali pare ancora pi\u00f9 antico.<br \/>\n<blockquote>\n<p style=\"text-align: center;\">Abbiamo pensato bene di rubarlo!<\/p>\n<\/blockquote>\n<\/li>\n<li style=\"text-align: justify;\"><strong>Abbiamo dovuto rubarlo, per averlo in Europa.\u00a0<\/strong>Fino all\u2019inizio del &#8216;900, questo cane non aveva mai varcato i confini dell\u2019Afghanistan. Era considerato troppo importante per essere ceduto agli stranieri. Ma noi europei siamo furbi e abbiamo deciso di farci riconoscere, come al solito. Abbiamo pensato bene di rubarlo.\u00a0In particolare, furono i soldati inglesi di ritorno dalle guerre coloniali anglo-afgane a <strong>contrabbandarlo fuori dal suo stato d&#8217;origine<\/strong> e diffonderlo nel resto del mondo.<\/li>\n<li style=\"text-align: justify;\"><strong>\u00c8 nato perfetto e cos\u00ec \u00e8 rimasto.\u00a0<\/strong>Avete presente quelle immagini che mostrano le razze prima e dopo? Quelle in cui il Bull Terrier assomiglia ad un Pit Bull bianco e il Bassethound ancora non striscia la pancia per terra? Beh, con il Levriero Afgano questo non succede.<img loading=\"lazy\" decoding=\"async\" class=\"normal wp-image-4458 alignright\" src=\"https:\/\/www.ioeilmioanimale.com\/wp-content\/uploads\/2015\/09\/zardin.jpg\" alt=\"zardin\" width=\"330\" height=\"366\" srcset=\"https:\/\/www.ioeilmioanimale.com\/wp-content\/uploads\/2015\/09\/zardin.jpg 700w, https:\/\/www.ioeilmioanimale.com\/wp-content\/uploads\/2015\/09\/zardin-271x300.jpg 271w\" sizes=\"(max-width: 330px) 100vw, 330px\" \/>\u00a0Il <strong>primo Levriero Afgano passato alla storia fu Zardin<\/strong>, che fece rimanere a bocca aperta tutta l\u2019India nel 1906 e tutta Londra nel 1907. Zardin \u00e8 esattamente uguale ai cani di oggi. Non a caso, \u00e8 a partire proprio da lui che fu redatto lo standard del 1912, padre di quello attuale.<\/li>\n<li style=\"text-align: justify;\"><strong>Ha un mantello particolarissimo.\u00a0<\/strong>Il <strong>pelo del Levriero Afgano, infatti, \u00e8 quanto di pi\u00f9 simile ai capelli umani che ci sia<\/strong>. \u00c8 a crescita continua e non \u00e8 provvisto di sottopelo, per la gioia di tutti quei proprietari che tremano all\u2019idea della muta. Ovviamente, va tenuto curato.<\/li>\n<li style=\"text-align: justify;\"><strong>\u00c8 scontato dirlo, ma \u00e8 molto veloce.\u00a0<\/strong>Cos\u00ec, giusto per ribadire una banalit\u00e0 e riempire un punto in pi\u00f9. Per quanto bello ed elegante, \u00e8 pur sempre un Levriero. <strong>Raggiunge la velocit\u00e0 di 60km\/h<\/strong>. Vincerebbe tranquillamente su mia nonna, in una gara in autostrada.<\/li>\n<li style=\"text-align: justify;\"><strong>\u00c8 diventato bambola.\u00a0<\/strong>E non una bambola qualsiasi. \u00c8 diventato &#8220;Beauty&#8221;, la <strong>bellissima Levriera Afgana di Barbie<\/strong>! Negli anni Ottanta, infatti, fa la sua comparsa tra gli scaffali di tutti i negozi di giocattoli americani, accanto alla bambola pi\u00f9 famosa del mondo, con diversi accessori: collare, <a href=\"https:\/\/www.ioeilmioanimale.com\/it\/cani\/vivere-con-il-cane\/guinzaglio-per-cani\/\" rel=\"noopener\">guinzaglio<\/a>, ciotola, lettino, spazzola, coccarda, corona, mantellina e il suo elegante cappellino di paglia.<img loading=\"lazy\" decoding=\"async\" class=\"normal aligncenter size-full wp-image-4459\" src=\"https:\/\/www.ioeilmioanimale.com\/wp-content\/uploads\/2015\/09\/levriero-afgano-cucciolo.jpg\" alt=\"levriero afgano cucciolo\" width=\"660\" height=\"441\" srcset=\"https:\/\/www.ioeilmioanimale.com\/wp-content\/uploads\/2015\/09\/levriero-afgano-cucciolo.jpg 660w, https:\/\/www.ioeilmioanimale.com\/wp-content\/uploads\/2015\/09\/levriero-afgano-cucciolo-300x200.jpg 300w\" sizes=\"(max-width: 660px) 100vw, 660px\" \/><\/li>\n<li style=\"text-align: justify;\"><strong>\u00c8 stato al fianco di artisti molto famosi.\u00a0<\/strong>Tanti <strong>vip dividono la loro vita con quella di un Levriero<\/strong> Afgano. Ma due tra i pi\u00f9 importanti sono sicuramente Pablo Picasso e Salvador Dal\u00ec. Picasso ne adott\u00f2 tre: Kabul, Kasbec e Sauterelle. Furono muse ispiratrici di grandi opere, come la statua realizzata nel 1967 a Chigago, ispirata a Kabul, o alcuni dipinti come \u201cJacqueline dog\u201d, \u201cWoman with a dog under e tree\u201d e \u201cFemme au chien\u201d. Anche Salvador Dal\u00ec fu affascinato dal Levriero Afgano, tanto da dipingerlo nel quadro \u201cInvisible afghan with the apparition on the beach of the face of Garcia Lorca in the form of a fruit dish with three figs\u201d.<\/li>\n<li style=\"text-align: justify;\"><strong>\u00c8 stato clonato.\u00a0<\/strong>Non solo <strong>con successo<\/strong>, ma anche come primo cane! Una cellula epiteliale dell\u2019orecchio di un Levriero Afgano, infatti, fu impiantata dal professor Woo-Suk Hwang, della Seul National University, in una cellula uovo privata del materiale genetico. <img loading=\"lazy\" decoding=\"async\" class=\"normal wp-image-4460 alignright\" src=\"https:\/\/www.ioeilmioanimale.com\/wp-content\/uploads\/2015\/09\/levriero-afgano-passeggio.jpg\" alt=\"levriero afgano a passeggio\" width=\"400\" height=\"266\" srcset=\"https:\/\/www.ioeilmioanimale.com\/wp-content\/uploads\/2015\/09\/levriero-afgano-passeggio.jpg 660w, https:\/\/www.ioeilmioanimale.com\/wp-content\/uploads\/2015\/09\/levriero-afgano-passeggio-300x200.jpg 300w\" sizes=\"(max-width: 400px) 100vw, 400px\" \/>Da questa nacque, grazie ad una mamma surrogata Labrador Retriever, Snuppy. Non senza polemiche, comunque.<\/li>\n<li style=\"text-align: justify;\"><strong>Era presente sull\u2019Arca di No\u00e8.\u00a0<\/strong>O, almeno, cos\u00ec narrano le leggende. Quando <strong>No\u00e8 dovette scegliere quale cane avrebbe permesso il continuare della specie, scelse proprio il Levriero Afgano<\/strong>. Addirittura, la zona della Nigeria in cui in questo cane si moltiplic\u00f2 maggiormente si chiama Bornu, che significa terra di No\u00e8 ed \u00e8 il territorio in cui pare che l\u2019Arca tocco il suolo dopo il diluvio.<\/li>\n<\/ol>\n<\/li>\n<\/ol>\n<div class=\"in_evidence\">\n<div class=\"in_evidence_intro\">LEGGI ANCHE <i class=\"fa fa-chevron-circle-right\"><\/i> <a href=\"https:\/\/www.ioeilmioanimale.com\/it\/cani\/razze\/levriero-afgano-carattere-standard\/\" rel=\"noopener\">Levriero Afgano: carattere e standard<\/a><\/div>\n<\/div>\n","protected":false},"excerpt":{"rendered":"","protected":false},"author":717,"featured_media":4456,"comment_status":"closed","ping_status":"closed","sticky":false,"template":"","format":"standard","meta":{"_acf_changed":false,"footnotes":""},"categories":[130],"tags":[],"class_list":["post-4445","post","type-post","status-publish","format-standard","has-post-thumbnail","hentry","category-razze"],"acf":[],"_links":{"self":[{"href":"https:\/\/www.ioeilmioanimale.com\/it\/wp-json\/wp\/v2\/posts\/4445"}],"collection":[{"href":"https:\/\/www.ioeilmioanimale.com\/it\/wp-json\/wp\/v2\/posts"}],"about":[{"href":"https:\/\/www.ioeilmioanimale.com\/it\/wp-json\/wp\/v2\/types\/post"}],"author":[{"embeddable":true,"href":"https:\/\/www.ioeilmioanimale.com\/it\/wp-json\/wp\/v2\/users\/717"}],"replies":[{"embeddable":true,"href":"https:\/\/www.ioeilmioanimale.com\/it\/wp-json\/wp\/v2\/comments?post=4445"}],"version-history":[{"count":8,"href":"https:\/\/www.ioeilmioanimale.com\/it\/wp-json\/wp\/v2\/posts\/4445\/revisions"}],"predecessor-version":[{"id":7573,"href":"https:\/\/www.ioeilmioanimale.com\/it\/wp-json\/wp\/v2\/posts\/4445\/revisions\/7573"}],"wp:featuredmedia":[{"embeddable":true,"href":"https:\/\/www.ioeilmioanimale.com\/it\/wp-json\/wp\/v2\/media\/4456"}],"wp:attachment":[{"href":"https:\/\/www.ioeilmioanimale.com\/it\/wp-json\/wp\/v2\/media?parent=4445"}],"wp:term":[{"taxonomy":"category","embeddable":true,"href":"https:\/\/www.ioeilmioanimale.com\/it\/wp-json\/wp\/v2\/categories?post=4445"},{"taxonomy":"post_tag","embeddable":true,"href":"https:\/\/www.ioeilmioanimale.com\/it\/wp-json\/wp\/v2\/tags?post=4445"}],"curies":[{"name":"wp","href":"https:\/\/api.w.org\/{rel}","templated":true}]}}