{"id":4424,"date":"2015-08-18T12:56:01","date_gmt":"2015-08-18T10:56:01","guid":{"rendered":"https:\/\/www.ioeilmioanimale.com\/?p=4424"},"modified":"2018-11-23T14:31:03","modified_gmt":"2018-11-23T13:31:03","slug":"samoiedo-carattere-standard","status":"publish","type":"post","link":"https:\/\/www.ioeilmioanimale.com\/it\/cani\/razze\/samoiedo-carattere-standard\/","title":{"rendered":"Samoiedo: storia, carattere e standard"},"content":{"rendered":"<p><!--more--><\/p>\n<h2>La storia del Samoiedo<\/h2>\n<p>La razza Samoiedo <strong>prende il nome dalla Trib\u00f9 Samoiedo<\/strong>, un popolo che vive in Siberia svolgendo attivit\u00e0 pastorizia.<\/p>\n<p>Questi popoli allevavano cani dal soffice manto bianco e carattere mite per aiutarli nel lavoro con le renne, ma erano utili anche come cani da caccia e da slitta.<\/p>\n<p><strong>I Samoiedo avevano un rapporto molto stretto con i loro padroni<\/strong> e dormivano con loro, fungendo da fonti di calore.<\/p>\n<p><strong>Nel 1889<\/strong>, lo zoologo inglese <strong>Ernest Kilburn Scott<\/strong> visse alcuni mesi fra le trib\u00f9 dei Samoiedo e, quando torn\u00f2 in Inghilterra, port\u00f2 con s\u00e9 un cucciolo maschio marrone chiamato \u201c<strong>Sabarka<\/strong>\u201d. Qualche tempo dopo, anche una femmina color crema chiamata \u201c<strong>Whitey Petchora<\/strong>\u201d e un maschio bianco neve chiamato \u201c<strong>Musti<\/strong>\u201d.<\/p>\n<p>A partire da questi cani, insieme a quelli portati dagli esploratori, inizi\u00f2 una selezione mirata alla produzione di soggetti da esibizione. <strong>Il primo standard fu redatto in Inghilterra del 1909<\/strong>.<\/p>\n<h2>Aspetto generale del Samoiedo<\/h2>\n<p><img loading=\"lazy\" decoding=\"async\" class=\"normal aligncenter size-full wp-image-4465\" style=\"margin-top: 0.857143rem; margin-bottom: 0.857143rem;\" src=\"https:\/\/www.ioeilmioanimale.com\/wp-content\/uploads\/2015\/09\/samoiedo-corporatura.jpg\" alt=\"samoiedo corporatura\" width=\"660\" height=\"462\" srcset=\"https:\/\/www.ioeilmioanimale.com\/wp-content\/uploads\/2015\/09\/samoiedo-corporatura.jpg 660w, https:\/\/www.ioeilmioanimale.com\/wp-content\/uploads\/2015\/09\/samoiedo-corporatura-300x210.jpg 300w\" sizes=\"(max-width: 660px) 100vw, 660px\" \/><\/p>\n<p>Il Samoiedo <strong>appartiene al gruppo dei cani di tipo Spitz<\/strong>.<\/p>\n<p>\u00c8 un cane di <strong>media taglia<\/strong> con un <strong>portamento fiero<\/strong>, <strong>elegante<\/strong>, potente e sicuro di s\u00e9. La corporatura \u00e8 forte e muscolosa, <strong>molto resistente alle basse temperature<\/strong>.<\/p>\n<p>L\u2019espressione \u201c<strong>sorriso del Samoiedo<\/strong>\u201d deriva dalla particolare forma e posizione degli occhi degli occhi e dagli angoli della bocca leggermente rivolti in su che contraddistinguono questa razza.<\/p>\n<h2>Comportamento e carattere del Samoiedo<\/h2>\n<p><iframe loading=\"lazy\" src=\"https:\/\/www.youtube.com\/embed\/y6hpUvNWzT8\" width=\"560\" height=\"315\" frameborder=\"0\" allowfullscreen=\"allowfullscreen\"><\/iframe><br \/>\nL\u2019indole <strong>amichevole<\/strong>, giocherellona, sveglia e <strong>vivace<\/strong> del Samoiedo lo rende molto <strong>socievole e affettuoso<\/strong>, adatto a stare in compagnia.<\/p>\n<p>\u00c8 un cane molto\u00a0<strong>docile e mai aggressivo<\/strong>, quindi, non pu\u00f2 essere addestrato come cane da guardia o da caccia.<\/p>\n<p>Il suo difetto &#8211; se cos\u00ec possiamo chiamarlo &#8211; \u00e8 il suo particolare atteggiamento <strong>ostinato<\/strong>. Poi, per\u00f2, puntualmente, ci sciogliamo al minimo accenno di un suo sorriso.<\/p>\n<div class=\"in_evidence\">\n<div class=\"in_evidence_intro\">LEGGI ANCHE <i class=\"fa fa-chevron-circle-right\"><\/i> <a href=\"https:\/\/www.ioeilmioanimale.com\/it\/cani\/razze\/samoiedo-7-motivi-per-cui-lo-hai-scelto\/\" rel=\"noopener\">7 motivi per cui hai scelto un Samoiedo e non te ne sei (quasi) mai pentito<\/a><\/div>\n<\/div>\n","protected":false},"excerpt":{"rendered":"","protected":false},"author":715,"featured_media":4432,"comment_status":"closed","ping_status":"closed","sticky":false,"template":"","format":"standard","meta":{"_acf_changed":false,"footnotes":""},"categories":[130],"tags":[],"class_list":["post-4424","post","type-post","status-publish","format-standard","has-post-thumbnail","hentry","category-razze"],"acf":[],"_links":{"self":[{"href":"https:\/\/www.ioeilmioanimale.com\/it\/wp-json\/wp\/v2\/posts\/4424"}],"collection":[{"href":"https:\/\/www.ioeilmioanimale.com\/it\/wp-json\/wp\/v2\/posts"}],"about":[{"href":"https:\/\/www.ioeilmioanimale.com\/it\/wp-json\/wp\/v2\/types\/post"}],"author":[{"embeddable":true,"href":"https:\/\/www.ioeilmioanimale.com\/it\/wp-json\/wp\/v2\/users\/715"}],"replies":[{"embeddable":true,"href":"https:\/\/www.ioeilmioanimale.com\/it\/wp-json\/wp\/v2\/comments?post=4424"}],"version-history":[{"count":15,"href":"https:\/\/www.ioeilmioanimale.com\/it\/wp-json\/wp\/v2\/posts\/4424\/revisions"}],"predecessor-version":[{"id":7342,"href":"https:\/\/www.ioeilmioanimale.com\/it\/wp-json\/wp\/v2\/posts\/4424\/revisions\/7342"}],"wp:featuredmedia":[{"embeddable":true,"href":"https:\/\/www.ioeilmioanimale.com\/it\/wp-json\/wp\/v2\/media\/4432"}],"wp:attachment":[{"href":"https:\/\/www.ioeilmioanimale.com\/it\/wp-json\/wp\/v2\/media?parent=4424"}],"wp:term":[{"taxonomy":"category","embeddable":true,"href":"https:\/\/www.ioeilmioanimale.com\/it\/wp-json\/wp\/v2\/categories?post=4424"},{"taxonomy":"post_tag","embeddable":true,"href":"https:\/\/www.ioeilmioanimale.com\/it\/wp-json\/wp\/v2\/tags?post=4424"}],"curies":[{"name":"wp","href":"https:\/\/api.w.org\/{rel}","templated":true}]}}