{"id":4154,"date":"2015-08-25T16:37:06","date_gmt":"2015-08-25T14:37:06","guid":{"rendered":"https:\/\/www.ioeilmioanimale.com\/?p=4154"},"modified":"2018-11-27T09:46:51","modified_gmt":"2018-11-27T08:46:51","slug":"un-matrimonio-speciale-celebrato-con-il-cane-malato","status":"publish","type":"post","link":"https:\/\/www.ioeilmioanimale.com\/it\/news\/un-matrimonio-speciale-celebrato-con-il-cane-malato\/","title":{"rendered":"Un matrimonio speciale celebrato con il cane malato"},"content":{"rendered":"<p><!--more--><\/p>\n<div class=\"tw-divider \"><h5><span>Utah, 25 Agosto\u00a02015<\/span><\/h5><\/div>\n<p>I <strong>nostri amici a 4 zampe<\/strong>, in quanto parte integrante della famiglia, vengono da molti<strong> coinvolti durante le celebrazioni<\/strong> pi\u00f9 importanti per condividere anche con loro questi momenti speciali.<\/p>\n<p>Ad esempio, durante i <strong>matrimoni<\/strong>, quando spesso e volentieri hanno il compito di <strong>portare le fedi all&#8217;altare<\/strong> e per l&#8217;occasione vengono abbelliti da fiocchi e papillon portando un tocco di gioia e allegria alla cerimonia.<\/p>\n<p>Questa era l&#8217;intenzione anche di <strong>Cassidy Williams e Natalya Jenney<\/strong>, una coppia americana originaria dello Utah che si \u00e8 <strong>sposata lo scorso 7 agosto<\/strong> e <strong>aveva deciso di far portare le fedi al loro Golden Retriever di nome Dood<\/strong>.<\/p>\n<p>Purtroppo, per\u00f2, <strong>il dolce cagnolone era malato<\/strong> e a causa di un tumore osseo che gli lasciava pochi mesi di vita che gli impediva di prendere l&#8217;aereo insieme ai padroni per raggiungere la location dove si sarebbe svolto il matrimonio.<\/p>\n<p>La <strong>presenza di Dood era cos\u00ec indispensabile<\/strong> che il padre dello sposo ha rinunciato al suo biglietto aereo e ha fatto il viaggio fino alle coste dell&#8217;Oregon in auto per raggiungere la meta insieme al cagnolone.<\/p>\n<p>Il <strong>sogno degli sposi<\/strong>, felicissimi di avere l&#8217;amico peloso al loro fianco in un giorno cos\u00ec importante, \u00e8 stato cos\u00ec coronato, cos\u00ec come quello di <strong>Dood che ha potuto vedere l&#8217;oceano e fare un ultimo bagno tra le onde<\/strong>.<\/p>\n<div class=\"tw-divider \"><\/div>\n","protected":false},"excerpt":{"rendered":"","protected":false},"author":715,"featured_media":4156,"comment_status":"closed","ping_status":"closed","sticky":false,"template":"","format":"standard","meta":{"_acf_changed":false,"footnotes":""},"categories":[151],"tags":[],"class_list":["post-4154","post","type-post","status-publish","format-standard","has-post-thumbnail","hentry","category-news"],"acf":[],"_links":{"self":[{"href":"https:\/\/www.ioeilmioanimale.com\/it\/wp-json\/wp\/v2\/posts\/4154"}],"collection":[{"href":"https:\/\/www.ioeilmioanimale.com\/it\/wp-json\/wp\/v2\/posts"}],"about":[{"href":"https:\/\/www.ioeilmioanimale.com\/it\/wp-json\/wp\/v2\/types\/post"}],"author":[{"embeddable":true,"href":"https:\/\/www.ioeilmioanimale.com\/it\/wp-json\/wp\/v2\/users\/715"}],"replies":[{"embeddable":true,"href":"https:\/\/www.ioeilmioanimale.com\/it\/wp-json\/wp\/v2\/comments?post=4154"}],"version-history":[{"count":10,"href":"https:\/\/www.ioeilmioanimale.com\/it\/wp-json\/wp\/v2\/posts\/4154\/revisions"}],"predecessor-version":[{"id":7686,"href":"https:\/\/www.ioeilmioanimale.com\/it\/wp-json\/wp\/v2\/posts\/4154\/revisions\/7686"}],"wp:featuredmedia":[{"embeddable":true,"href":"https:\/\/www.ioeilmioanimale.com\/it\/wp-json\/wp\/v2\/media\/4156"}],"wp:attachment":[{"href":"https:\/\/www.ioeilmioanimale.com\/it\/wp-json\/wp\/v2\/media?parent=4154"}],"wp:term":[{"taxonomy":"category","embeddable":true,"href":"https:\/\/www.ioeilmioanimale.com\/it\/wp-json\/wp\/v2\/categories?post=4154"},{"taxonomy":"post_tag","embeddable":true,"href":"https:\/\/www.ioeilmioanimale.com\/it\/wp-json\/wp\/v2\/tags?post=4154"}],"curies":[{"name":"wp","href":"https:\/\/api.w.org\/{rel}","templated":true}]}}