{"id":3492,"date":"2015-07-09T14:42:02","date_gmt":"2015-07-09T12:42:02","guid":{"rendered":"https:\/\/www.ioeilmioanimale.com\/?p=3492"},"modified":"2018-11-23T14:31:05","modified_gmt":"2018-11-23T13:31:05","slug":"vacanze-con-il-cane-consigli-utili-1","status":"publish","type":"post","link":"https:\/\/www.ioeilmioanimale.com\/it\/cani\/vivere-con-il-cane\/vacanze-con-il-cane-consigli-utili-1\/","title":{"rendered":"Vacanze con il cane: consigli utili per viaggiare"},"content":{"rendered":"<p><!--more--><\/p>\n<p>Un&#8217;altra estate \u00e8 alle porte e, come ogni anno, migliaia di italiani si apprestano a pianificare le <strong>vacanze con il cane<\/strong>. Fortunatamente, il nostro paese sta diventando sempre pi\u00f9 dog friendly, si moltiplicano le strutture ricettive<span style=\"color: #ff00ff;\">\u00a0<\/span>aperte ai nostri amici e poter condividere le ferie con loro \u00e8 sempre pi\u00f9 facile e accessibile.<\/p>\n<p>Oggi, il cane \u00e8 considerato a tutti gli effetti un membro della famiglia e pensare di rinunciare alla sua compagnia in questo periodo dell\u2019anno \u00e8 fuori discussione per molti. Come si pu\u00f2, quindi, organizzare al meglio una <strong>vacanza con il cane<\/strong> al nostro fianco?<\/p>\n<h2>L\u2019importanza della socializzazione<\/h2>\n<p>Prima di rispondere a questa domanda, per\u00f2, va fatta una premessa importante: <strong>tutti i cani andrebbero fin da cuccioli socializzati ai mezzi di trasporto<\/strong>, <strong>ai cambiamenti<\/strong>, <strong>alle situazioni nuove<\/strong> e, nel corso della sua educazione, bisognerebbe essere in grado di fornirgli le competenze necessarie per affrontare qualsiasi situazione sociale.<\/p>\n<p>Al contrario, il suo essere abitudinario o avere dei deficit esperienziali nei confronti del mondo, potrebbe tramutare le sue esperienze in eventi stressanti, se non addirittura traumatici.<\/p>\n<p><img loading=\"lazy\" decoding=\"async\" class=\"normal wp-image-3497 alignright\" src=\"https:\/\/www.ioeilmioanimale.com\/wp-content\/uploads\/2015\/07\/bull-dog-spiaggia.jpg\" alt=\"vacanze con il cane: bull dog in spiaggia\" width=\"250\" height=\"375\" srcset=\"https:\/\/www.ioeilmioanimale.com\/wp-content\/uploads\/2015\/07\/bull-dog-spiaggia.jpg 660w, https:\/\/www.ioeilmioanimale.com\/wp-content\/uploads\/2015\/07\/bull-dog-spiaggia-200x300.jpg 200w\" sizes=\"(max-width: 250px) 100vw, 250px\" \/>La sua <strong>socializzazione<\/strong> nei confronti di luoghi, situazioni, cani e persone, pertanto, gioca una parte importante nella valutazione delle vacanze con il cane che andremo a fare: un <strong>cane particolarmente timoroso<\/strong> non vivr\u00e0 con piacere una gita in un&#8217;affollatissima citt\u00e0 turistica.<\/p>\n<p>Ma non solo, \u00e8 importante tener presente anche le caratteristiche fisiche del cane: un <strong>cane anziano<\/strong> con problemi di deambulazione potrebbe non apprezzare un trekking di tre giorni in montagna, cos\u00ec come un <strong>cane brachicefalo<\/strong> (quelli col muso &#8220;schiacciato&#8221;, come i bulldog o i carlini), probabilmente potrebbe mal tollerare 8 ore di fila a prendere il sole in spiaggia.<\/p>\n<blockquote><p>Se riteniamo che la nostra vacanza ideale non si adatti alle caratteristiche del nostro animale, nessun problema!<\/p><\/blockquote>\n<h2>Un&#8217;alternativa: una valida pensione per cani<\/h2>\n<p>Possiamo tranquillamente valutare l&#8217;opzione di <strong>lasciarlo qualche giorno in una<\/strong> <strong>pensione per cani<\/strong> ed evitare un soggiorno spiacevole per entrambi.<\/p>\n<p>Se vogliamo partire tranquilli, senza preoccupazioni nei suoi confronti, sarebbe bene scegliere una <strong>pensione gestita da personale qualificato e disponibile<\/strong>, con un veterinario presente o reperibile 24h, che rispetti la metratura minima dei box prevista dalla regione di appartenenza (o, ancora meglio per certi cani, una pensione casalinga) e che richieda copia del libretto sanitario.<\/p>\n<p>Sarebbe anche opportuno <strong>visitare personalmente la struttura<\/strong>, per verificare lo stato dei cani presenti e le competenze dei gestori.<\/p>\n<h2>Quale destinazione \u00e8 pi\u00f9 adatta per le vacanze con il cane?<\/h2>\n<p><img loading=\"lazy\" decoding=\"async\" class=\"normal size-fullslideshownc wp-image-3498 aligncenter\" style=\"margin-top: 0.857143rem; margin-bottom: 0.857143rem;\" src=\"https:\/\/www.ioeilmioanimale.com\/wp-content\/uploads\/2015\/07\/golden-spiaggia.jpg\" alt=\"vacanza con il cane al mare\" width=\"660\" height=\"441\" srcset=\"https:\/\/www.ioeilmioanimale.com\/wp-content\/uploads\/2015\/07\/golden-spiaggia.jpg 660w, https:\/\/www.ioeilmioanimale.com\/wp-content\/uploads\/2015\/07\/golden-spiaggia-300x200.jpg 300w\" sizes=\"(max-width: 660px) 100vw, 660px\" \/><\/p>\n<p>Se, al contrario, scegliamo di portarlo con noi \u00e8 giunto finalmente il momento di <strong>valutare i pro e i contro delle principali mete turistiche<\/strong>, per poterne scegliere una in linea con le caratteristiche del nostro amico:<\/p>\n<ul>\n<li><strong>Al mare con il cane<\/strong>: le <strong>localit\u00e0 balneari<\/strong> tendenzialmente sono ricche di esperienze sociali, soprattutto se vi sono presenti spiagge per cani (in caso contrario, ricordiamo che l\u2019accesso dei cani alle spiagge \u00e8 regolamentato da norme locali e spesso vietato nella stagione balneare). Esistono infatti numerose <strong>spiagge per cani<\/strong>; da quelle in cui il cane deve rimanere all&#8217;interno di un apposito recinto e gli \u00e8 precluso l&#8217;accesso al mare, a quelle in cui i cani possono stare liberi dentro e fuori l&#8217;acqua, senza limitazioni. Una veloce telefonata alla struttura ci permetter\u00e0 di conoscerne il regolamento completo. Qualunque sia la spiaggia pi\u00f9 adatta per noi e lui, ricordiamoci di portare sempre una scorta di acqua dolce, evitiamo gli orari pi\u00f9 caldi e monitoriamo sempre la sua temperatura, rinfrescandolo se necessario.<\/li>\n<\/ul>\n<p>A questo proposito, \u00e8 bene ricordare che <strong>il cane non andrebbe mai forzato ad entrare in acqua<\/strong> contro la sua volont\u00e0, perch\u00e9 rischiamo di spaventarlo e l\u2019unico insegnamento che gli stiamo dando \u00e8 quello di stare il pi\u00f9 lontano possibile dal bagnasciuga (e da noi).<\/p>\n<p>Se proprio il nostro cane non ne vuole sapere, armiamoci di pazienza e tempo, <strong>invogliamolo ad avvicinarsi con il gioco<\/strong> (spesso aiutano anche gli altri cani) e nel frattempo <strong>rinfreschiamolo con un asciugamano bagnato<\/strong>.<\/p>\n<p><img loading=\"lazy\" decoding=\"async\" class=\"normal size-full wp-image-3499 aligncenter\" src=\"https:\/\/www.ioeilmioanimale.com\/wp-content\/uploads\/2015\/07\/cane-montagna-vacanza.jpg\" alt=\"vacanza con il cane in montagna\" width=\"660\" height=\"439\" srcset=\"https:\/\/www.ioeilmioanimale.com\/wp-content\/uploads\/2015\/07\/cane-montagna-vacanza.jpg 660w, https:\/\/www.ioeilmioanimale.com\/wp-content\/uploads\/2015\/07\/cane-montagna-vacanza-300x200.jpg 300w\" sizes=\"(max-width: 660px) 100vw, 660px\" \/><\/p>\n<ul>\n<li>Le <strong>zone montuose<\/strong>: a differenza del mare, <strong>sono molto pi\u00f9 adatte alle vacanze con il cane<\/strong>, soprattutto per quelli che non amano troppo i contesti affollati, sono meno calde e di solito piacciono molto ai nostri amici. A condizione che in famiglia amino tutti la natura, le camminate e l&#8217;aria fresca. Anche in questo caso, per\u00f2, sarebbe opportuno <strong>informarsi preventivamente sui regolamenti dei <a href=\"https:\/\/www.ioeilmioanimale.com\/it\/cani\/vivere-con-il-cane\/5-migliori-parchi-per-il-cane\/\" rel=\"noopener\">parchi<\/a>\u00a0<\/strong>nazionali in zona, perch\u00e9 capita che l&#8217;ingresso sia vietato ai cani per tutelare la fauna selvatica, o vi siano restrizioni sull&#8217;uso del guinzaglio. Bisogna, inoltre, prestare attenzione alla possibile presenza di parassiti, come pulci o zecche, trattando preventivamente il cane con un buon anti-parassitario.<\/li>\n<\/ul>\n<p><img loading=\"lazy\" decoding=\"async\" class=\"normal size-full wp-image-3500 aligncenter\" src=\"https:\/\/www.ioeilmioanimale.com\/wp-content\/uploads\/2015\/07\/cane-citta-vacanza.jpg\" alt=\"vacanze con il cane in citt\u00e0\" width=\"660\" height=\"440\" srcset=\"https:\/\/www.ioeilmioanimale.com\/wp-content\/uploads\/2015\/07\/cane-citta-vacanza.jpg 660w, https:\/\/www.ioeilmioanimale.com\/wp-content\/uploads\/2015\/07\/cane-citta-vacanza-300x200.jpg 300w\" sizes=\"(max-width: 660px) 100vw, 660px\" \/><\/p>\n<ul>\n<li>Le <strong>citt\u00e0 turistiche:<\/strong> sono, forse, le mete meno apprezzate dai nostri cani. Ma, se proprio non possiamo rinunciare a musei, chiese, piazze e monumenti, basta <strong>qualche accortezza per rendere gradevole anche questo tipo di vacanza con il cane<\/strong>. Sarebbe opportuno scegliere un alloggio in cui poter lasciare il cane nelle ore pi\u00f9 calde e nei momenti in cui pensiamo di dedicarci a tempo pieno all\u2019arte (musei e chiese, spesso, sono vietati ai cani). Per il resto, basta ricordarci di <strong>ritagliare un po&#8217; di tempo dedicato al nostro amico<\/strong>, per portarlo al parco e farlo giocare.<\/li>\n<\/ul>\n<h2>Un occhio di riguardo per la sua salute<\/h2>\n<p>Un ultimo aspetto importante da tener presente prima di pianificare le nostre vacanze con il cane, oltre alla meta, sono i <strong>regolamenti in materia di salute<\/strong>.<\/p>\n<p>Portiamo sempre con noi il Libretto Sanitario<span style=\"color: #ff00ff;\">\u00a0<\/span>rilasciato dal nostro veterinario, con le profilassi aggiornate, e ricordiamoci che su tutto il territorio nazionale bisogna essere <strong>in regola con le vaccinazioni obbligatorie<\/strong>.<\/p>\n<p>Non \u00e8 pi\u00f9 obbligatoria la vaccinazione contro la rabbia, anche se consigliata in alcune zone del nord Italia, ma talvolta potrebbero essere richiesta da alcune compagnie di trasporto, quindi \u00e8 opportuno informarsi preventivamente.<\/p>\n<blockquote>\n<p style=\"text-align: center;\">In Italia vi sono alcune zone a rischio per due malattie pericolose!<\/p>\n<\/blockquote>\n<ul>\n<li>La <a href=\"https:\/\/www.ioeilmioanimale.com\/it\/cani\/malattie-cani\/filariosi-cane\/\" rel=\"noopener\">filarosi cardiopolmonare<\/a>, i cui ospiti intermedi sono le <strong>zanzare<\/strong>, e che \u00e8 diffusa maggiormente nel Nord Italia e nei territori umidi e pianeggianti. Si pu\u00f2 facilmente evitare somministrando al cane un <strong>trattamento preventivo annuale<\/strong> sotto forma di pastiglie, tavolette appetibili o puntura.<\/li>\n<li>La <span style=\"color: #ff00ff;\"><a href=\"https:\/\/www.ioeilmioanimale.com\/it\/cani\/malattie-cani\/leishmaniosi-canina\/\">leishmaniosi<\/a><\/span>, trasmessa dai flebotomi (i <strong>pappataci<\/strong>), presente in particolare nel <strong>bacino del Mediterraneo<\/strong> (i territori confinanti col mare e le isole), nel <strong>Sud Italia<\/strong> e in <strong>Toscana<\/strong>. Il <strong>trattamento \u00e8 esclusivamente preventivo<\/strong> e si basa nella somministrazione al cane di antiparassitari\u00a0nelle forme che un proprietario ritiene pi\u00f9 opportune (pipette, collare, spray).<\/li>\n<\/ul>\n<p>In conclusione, \u00e8 <strong>importante conoscere al meglio il nostro amico<\/strong>, in modo da organizzare una <strong>vacanza con il cane<\/strong> che sia un <strong>compromesso<\/strong> tra le sue caratteristiche (sia fisiche che comportamentali) e le nostre, per rendere questo momento ricco, piacevole e positivo per tutta la famiglia.<\/p>\n<h4>Vai alla seconda parte<\/h4>\n<p><!--nextpage--><\/p>\n<p><a href=\"https:\/\/www.ioeilmioanimale.com\/it\/cani\/vivere-con-il-cane\/vacanze-con-il-cane-consigli-utili-1\/\" target=\"_blank\" rel=\"noopener\">Nella prima parte di questo articolo<\/a>\u00a0abbiamo parlato di <strong>come pianificare una<\/strong>\u00a0<strong>vacanza con il cane<\/strong>, prendendo in esame le diverse mete turistiche e ponendo particolare attenzione alla salute del nostro amico\u2026 ma ora \u00e8 finalmente arrivato il momento di partire!<\/p>\n<h2>Cosa metto in valigia?<\/h2>\n<p><img loading=\"lazy\" decoding=\"async\" class=\"normal wp-image-3579 alignright\" src=\"https:\/\/www.ioeilmioanimale.com\/wp-content\/uploads\/2015\/07\/cane-valigia.jpg\" alt=\"la valigia del cane per andare in vacanza\" width=\"280\" height=\"420\" srcset=\"https:\/\/www.ioeilmioanimale.com\/wp-content\/uploads\/2015\/07\/cane-valigia.jpg 660w, https:\/\/www.ioeilmioanimale.com\/wp-content\/uploads\/2015\/07\/cane-valigia-200x300.jpg 200w\" sizes=\"(max-width: 280px) 100vw, 280px\" \/><\/p>\n<p>Le nostre valigie sono gi\u00e0 pronte sul letto, con tutto l\u2019occorrente per le ferie. Ma in quella del nostro cane cosa ci va?<\/p>\n<p>Oltre all&#8217;importantissimo\u00a0<strong>libretto sanitario<\/strong>, dobbiamo ricordarci di portare tutti quegli oggetti familiari che possano aiutarlo a vivere in modo piacevole e positivo il cambio di ambiente, come la sua <strong>cuccia<\/strong>, le sue <strong>ciotole<\/strong> ed i suoi <strong>giochi per cani<\/strong> <strong>preferiti<\/strong>.<\/p>\n<p>Inoltre, sarebbe opportuno portarsi i suoi <strong>medicinali<\/strong> (se ne prende), i <strong>prodotti per l\u2019igiene e la cura\u00a0<\/strong>ed un<strong> kit di primo soccorso<\/strong> con i farmaci pi\u00f9 comuni, poich\u00e9 non possiamo essere del tutto sicuri che le farmacie di zona siano dotate di una sezione veterinaria.<\/p>\n<p>Lo stesso discorso vale per il suo <strong>cibo abituale<\/strong>, che potrebbe non essere immediatamente disponibile in ogni negozio.<\/p>\n<p>La legge italiana, inoltre, prevede l&#8217;obbligo di avere sempre con s\u00e9 sia i <strong>sacchetti igienici per la raccolta delle deiezioni<\/strong>, sia una <strong>museruola<\/strong>.<\/p>\n<p>Per quanto riguarda quest&#8217;ultima, la pi\u00f9 indicata, specialmente nel periodo estivo, \u00e8 quella <strong>a gabbia<\/strong> (sia di plastica che in metallo) poich\u00e9 permette al cane di aprire la bocca per bere e per ventilare, un\u2019operazione importantissima per abbassare la temperatura corporea quando fa caldo.<\/p>\n<p>Ricordiamoci sempre di <strong>socializzare preventivamente il nostro cane a tutti gli strumenti<\/strong> di uso quotidiano in modo graduale e positivo, per evitare di arrivare al giorno in cui siamo costretti ad usarli senza che li conosca e che, quindi, li viva in modo spiacevole.<\/p>\n<h2>L&#8217;automobile, il mezzo pi\u00f9 comodo per le vacanze con il cane<\/h2>\n<p><img loading=\"lazy\" decoding=\"async\" class=\"normal size-full wp-image-3581 aligncenter\" style=\"margin-top: 0.857143rem; margin-bottom: 0.857143rem;\" src=\"https:\/\/www.ioeilmioanimale.com\/wp-content\/uploads\/2015\/07\/cane-in-macchina.jpg\" alt=\"vacanza con il cane in macchina\" width=\"660\" height=\"546\" srcset=\"https:\/\/www.ioeilmioanimale.com\/wp-content\/uploads\/2015\/07\/cane-in-macchina.jpg 660w, https:\/\/www.ioeilmioanimale.com\/wp-content\/uploads\/2015\/07\/cane-in-macchina-300x248.jpg 300w, https:\/\/www.ioeilmioanimale.com\/wp-content\/uploads\/2015\/07\/cane-in-macchina-426x351.jpg 426w\" sizes=\"(max-width: 660px) 100vw, 660px\" \/><\/p>\n<p>Ora che anche la sua valigia \u00e8 pronta, diamo un\u2019occhiata ai <strong>principali mezzi di trasporto.<\/strong><\/p>\n<p>Se il nostro amico peloso \u00e8 abituato, l\u2019ideale \u00e8 ovviamente <strong>viaggiare con il cane in automobile<\/strong>, che permette di fare quante soste vogliamo e dove lo riteniamo pi\u00f9 opportuno. Inoltre, molti cani che conoscono gi\u00e0 questo mezzo <strong>lo vivono come un luogo sicuro e tranquillo<\/strong>.<\/p>\n<p>Anche i cani che non sono mai stati abituati a viaggiare, possono imparare: prima di partire per il grande viaggio, facciamogli conosce l\u2019auto in modo graduale, inizialmente spenta, e cerchiamo di associare i primi brevi viaggi ad attivit\u00e0 piacevoli, come una gita in campagna.<\/p>\n<p>Purtroppo, come per gli umani, anche <strong>i cani possono soffrire il mal d\u2019auto<\/strong> (<strong>cinetosi<\/strong>), con particolare incidenza nei cuccioli. I sintomi sono l\u2019agitazione, l\u2019affanno, una salivazione eccessiva e il vomito.<\/p>\n<blockquote><p>In questi casi, potrebbe essere utile rivolgersi al veterinario, che ci sapr\u00e0 indicare una soluzione farmacologica o omeopatica per limitare questo fastidio.<\/p><\/blockquote>\n<p>In ogni caso, sarebbe opportuno <strong>viaggiare con il cane sempre a stomaco vuoto<\/strong> e dopo una bella passeggiata, fermarsi frequentemente per permettergli di bere, sgranchirsi e fare i bisogni e, infine, evitare di viaggiare nelle ore pi\u00f9 calde, stando attenti anche agli sbalzi di temperatura dati dall&#8217;aria condizionata.<\/p>\n<p>Per viaggiare <strong>rispettando il codice della strada<\/strong> (art. 169, 6\u00b0 comma), <strong>un cane da solo<\/strong> pu\u00f2 viaggiare ovunque nell&#8217;abitacolo, ma deve, obbligatoriamente, non essere di impedimento o pericolo per la guida.<\/p>\n<p><strong>Due o pi\u00f9 cani<\/strong>, invece, devono necessariamente essere divisi dai sedili anteriori tramite l\u2019utilizzo di apposite gabbie o reti divisorie.<\/p>\n<p>Spero sia inutile dover ricordare ad i proprietari che <strong>MAI <\/strong>va lasciato il cane da solo in automobile d\u2019estate, neppure all\u2019ombra e neppure con i finestrini aperti. \u00c8 in gioco la sua vita.<\/p>\n<h2>Cani ad alta velocit\u00e0<\/h2>\n<p><img loading=\"lazy\" decoding=\"async\" class=\"normal size-full wp-image-3582 aligncenter\" style=\"margin-top: 0.857143rem; margin-bottom: 0.857143rem;\" src=\"https:\/\/www.ioeilmioanimale.com\/wp-content\/uploads\/2015\/07\/cane-in-treno.jpg\" alt=\"vacanza con il cane in treno\" width=\"660\" height=\"629\" srcset=\"https:\/\/www.ioeilmioanimale.com\/wp-content\/uploads\/2015\/07\/cane-in-treno.jpg 660w, https:\/\/www.ioeilmioanimale.com\/wp-content\/uploads\/2015\/07\/cane-in-treno-300x286.jpg 300w\" sizes=\"(max-width: 660px) 100vw, 660px\" \/><\/p>\n<p>Per quanto riguarda il <strong>treno<\/strong>, negli ultimi anni il servizio \u00e8 migliorato notevolmente, seppur con alcune limitazioni.<\/p>\n<p><strong> In alcune carrozze<\/strong>, infatti, <strong>\u00e8 ancora vietato l<\/strong>&#8216;<strong>accesso<\/strong> e il cane ha l&#8217;obbligo di museruola (sui treni Italo solo in salita e in discesa; in quelli di Trenitalia sempre).<\/p>\n<p>In entrambe le compagnie, <strong>i cani sotto i 10kg possono viaggiare gratuitamente dentro ad un trasportino<\/strong>, mentre <strong>i cani pi\u00f9 grandi<\/strong> <strong>pagano un biglietto ridotto<\/strong> e tutti hanno l&#8217;obbligo di iscrizione all&#8217;anagrafe canina.<\/p>\n<p><strong>I regolamenti<\/strong> completi delle due compagnie ferroviarie Italiane, <strong>sono consultabili ai seguenti link<\/strong>:<\/p>\n<ul>\n<li><a href=\"http:\/\/www.trenitalia.com\/tcom\/Informazioni\/La-guida-del-viaggiatore\/Se-viaggi-con-il-tuo-animale\" target=\"_blank\" rel=\"noopener\">Trenitalia<\/a><\/li>\n<li><a style=\"font-size: 1rem;\" href=\"https:\/\/www.italotreno.it\/it\/il-treno\" target=\"_blank\" rel=\"noopener\">Italo<\/a><\/li>\n<\/ul>\n<p><strong>Il<\/strong> <strong>treno \u00e8 un\u2019ottima alternativa all&#8217;automobile<\/strong> per viaggiare con il cane, a patto che il nostro amico peloso sia stato precedentemente socializzato alla museruola e che non manifesti timori e disagi di fronte ad un ambiente caotico e rumoroso come quello della stazione.<\/p>\n<h2>Lupi di mare!<\/h2>\n<p><img loading=\"lazy\" decoding=\"async\" class=\"normal size-full wp-image-3583 aligncenter\" style=\"margin-top: 0.857143rem; margin-bottom: 0.857143rem;\" src=\"https:\/\/www.ioeilmioanimale.com\/wp-content\/uploads\/2015\/07\/cane-in-barca.jpg\" alt=\"viaggiare con il cane in barca\" width=\"660\" height=\"455\" srcset=\"https:\/\/www.ioeilmioanimale.com\/wp-content\/uploads\/2015\/07\/cane-in-barca.jpg 660w, https:\/\/www.ioeilmioanimale.com\/wp-content\/uploads\/2015\/07\/cane-in-barca-300x207.jpg 300w\" sizes=\"(max-width: 660px) 100vw, 660px\" \/><\/p>\n<p>Un altro mezzo di trasporto che pu\u00f2 essere necessario utilizzare per spostarsi, \u00e8 la <strong>nave<\/strong>.<\/p>\n<p>\u00c8 importante informarsi per tempo sul <strong>regolamento<\/strong> della compagnia che abbiamo intenzione di scegliere per viaggiare con il cane: alcune, infatti, <strong>limitano l\u2019accesso ad alcuni ponti esterni<\/strong>, altre <strong>offrono dei box<\/strong>, altre ancora <strong>consentono l&#8217;accesso anche alle cabine<\/strong> e sono fornite di ponti appositi per le deiezioni.<\/p>\n<p>Inoltre, \u00e8 sempre <strong>obbligatoria l\u2019iscrizione all&#8217;<\/strong><strong>anagrafe canina\u00a0<\/strong>ed alcune compagnie richiedono un certificato di buona salute.<\/p>\n<h2>Anche i cani possono volare<\/h2>\n<p><img loading=\"lazy\" decoding=\"async\" class=\"normal size-full wp-image-3584 aligncenter\" style=\"margin-top: 0.857143rem; margin-bottom: 0.857143rem;\" src=\"https:\/\/www.ioeilmioanimale.com\/wp-content\/uploads\/2015\/07\/cane-in-aereoporto.jpg\" alt=\"viaggiare con il cane in aereo\" width=\"660\" height=\"518\" srcset=\"https:\/\/www.ioeilmioanimale.com\/wp-content\/uploads\/2015\/07\/cane-in-aereoporto.jpg 660w, https:\/\/www.ioeilmioanimale.com\/wp-content\/uploads\/2015\/07\/cane-in-aereoporto-300x235.jpg 300w\" sizes=\"(max-width: 660px) 100vw, 660px\" \/><\/p>\n<p>L&#8217;ultimo mezzo di trasporto, da valutare molto bene, \u00e8 l\u2019<strong>aereo<\/strong>. Anche in questo caso, \u00e8 necessario <strong>informarsi sulle modalit\u00e0 di trasporto<\/strong> previste da ogni compagnia.<\/p>\n<p>Solitamente, \u00e8 concesso agli animali di piccola taglia di <strong>viaggiare in cabina all&#8217;interno di trasportini\u00a0<\/strong>appositi, mentre gli animali pi\u00f9 grandi sono obbligati a <strong>volare in stiva<\/strong>, all&#8217;interno di gabbie rinforzate.<\/p>\n<blockquote><p>Viaggiare in stiva pu\u00f2 tramutarsi in un&#8217;esperienza stressante e traumatica per molti cani, in particolare se sono previsti scali in Paesi di transito.<\/p><\/blockquote>\n<p>Prima della partenza, \u00e8 <strong>fondamentale sottoporre il cane a un&#8217;accurata visita veterinaria<\/strong> per assicurarsi sullo stato di salute e decidere se pu\u00f2 essere utile o meno l\u2019uso di eventuali tranquillanti.<\/p>\n<p>Nella scelta del mezzo di trasporto pi\u00f9 idoneo <strong>per<\/strong> <strong>viaggiare con il cane<\/strong>, dobbiamo <strong>valutare attentamente tutti i pro ed i contro<\/strong>, la distanza da percorrere, le nostre preferenze, ma anche la capacit\u00e0 del nostro amico di adattarsi a situazioni che possono essere per lui particolarmente stressanti.<\/p>\n<h2>Che la vacanza abbia inizio!<\/h2>\n<p>Superato il grande scoglio del viaggio, <strong>finalmente siamo arrivati a destinazione!<\/strong><\/p>\n<p>Appena arrivati, <strong>permettiamo al nostro cane di esplorare e conoscere il nuovo territorio<\/strong> e facciamo una passeggiata nei dintorni.<\/p>\n<p>Entrati in casa, posizioniamo la sua cuccia e rilassiamoci qualche minuto insieme a lui, in modo da recuperare la fatica del viaggio e vivere in modo positivo il nuovo ambiente.<\/p>\n<p>Ricordiamoci, inoltre, di <strong>non dare per scontato che nella nuova sistemazione il cane rimanga tranquillo in nostra assenza<\/strong>, \u00e8 pur sempre un posto a lui sconosciuto e molto diverso da casa.<\/p>\n<p>Abituiamolo a stare da solo un po&#8217; alla volta, dopo una bella passeggiata e lasciandogli sempre qualcosa da fare in nostra assenza (come rosicchiare un bell&#8217;osso).<\/p>\n<p>Ultima cosa importante prima di goderci, finalmente, le meritate vacanze, \u00e8 quella di assicurarci che il nostro cane indossi sempre i nostri contatti, tramite una <strong>medaglietta<\/strong>.<\/p>\n<p>Ed ora, non mi resta che augurarti delle\u00a0<strong>buone vacanze con il cane<\/strong>!<\/p>\n","protected":false},"excerpt":{"rendered":"","protected":false},"author":717,"featured_media":3503,"comment_status":"closed","ping_status":"closed","sticky":false,"template":"","format":"standard","meta":{"_acf_changed":false,"footnotes":""},"categories":[128],"tags":[],"class_list":["post-3492","post","type-post","status-publish","format-standard","has-post-thumbnail","hentry","category-vivere-con-il-cane"],"acf":[],"_links":{"self":[{"href":"https:\/\/www.ioeilmioanimale.com\/it\/wp-json\/wp\/v2\/posts\/3492"}],"collection":[{"href":"https:\/\/www.ioeilmioanimale.com\/it\/wp-json\/wp\/v2\/posts"}],"about":[{"href":"https:\/\/www.ioeilmioanimale.com\/it\/wp-json\/wp\/v2\/types\/post"}],"author":[{"embeddable":true,"href":"https:\/\/www.ioeilmioanimale.com\/it\/wp-json\/wp\/v2\/users\/717"}],"replies":[{"embeddable":true,"href":"https:\/\/www.ioeilmioanimale.com\/it\/wp-json\/wp\/v2\/comments?post=3492"}],"version-history":[{"count":17,"href":"https:\/\/www.ioeilmioanimale.com\/it\/wp-json\/wp\/v2\/posts\/3492\/revisions"}],"predecessor-version":[{"id":7490,"href":"https:\/\/www.ioeilmioanimale.com\/it\/wp-json\/wp\/v2\/posts\/3492\/revisions\/7490"}],"wp:featuredmedia":[{"embeddable":true,"href":"https:\/\/www.ioeilmioanimale.com\/it\/wp-json\/wp\/v2\/media\/3503"}],"wp:attachment":[{"href":"https:\/\/www.ioeilmioanimale.com\/it\/wp-json\/wp\/v2\/media?parent=3492"}],"wp:term":[{"taxonomy":"category","embeddable":true,"href":"https:\/\/www.ioeilmioanimale.com\/it\/wp-json\/wp\/v2\/categories?post=3492"},{"taxonomy":"post_tag","embeddable":true,"href":"https:\/\/www.ioeilmioanimale.com\/it\/wp-json\/wp\/v2\/tags?post=3492"}],"curies":[{"name":"wp","href":"https:\/\/api.w.org\/{rel}","templated":true}]}}